{"id":99,"date":"2022-03-29T20:51:04","date_gmt":"2022-03-29T20:51:04","guid":{"rendered":"https:\/\/www.ozelyasamhuzurevi.com\/?p=99"},"modified":"2022-03-29T21:13:46","modified_gmt":"2022-03-29T21:13:46","slug":"alzheimer-hakkinda","status":"publish","type":"post","link":"https:\/\/www.ozelyasamhuzurevi.com\/index.php\/2022\/03\/29\/alzheimer-hakkinda\/","title":{"rendered":"Alzheimer Hakk\u0131nda"},"content":{"rendered":"<h2><strong>Alzheimer<\/strong><\/h2>\n<p>Alzheimer, beynin haf\u0131za, d\u00fc\u015f\u00fcnme ve dil b\u00f6l\u00fcmlerini etkileyen bir hastal\u0131kt\u0131r. En s\u0131k g\u00f6r\u00fclen demans t\u00fcr\u00fc olan Alzheimer hastal\u0131\u011f\u0131n\u0131n ileri safhalar\u0131n\u0131 ya\u015fayan ki\u015fi g\u00fcnl\u00fck aktivitelerini yapamaz hale gelir.<\/p>\n<h4><strong>Alzheimer hastal\u0131\u011f\u0131n\u0131n nedenleri<\/strong><\/h4>\n<p>Alzheimer hastal\u0131\u011f\u0131n\u0131n nedeni tam olarak bilinmese de kal\u0131t\u0131msal fakt\u00f6rler, beyin h\u00fccrelerinin \u00f6l\u00fcm\u00fc, sinirsel iletimin giderek bozulmas\u0131 hastal\u0131k nedenleri aras\u0131nda g\u00f6sterilebilir.<\/p>\n<h4><strong>Alzheimer hastal\u0131\u011f\u0131n\u0131n belirtileri nelerdir?<\/strong><\/h4>\n<ul>\n<li>S\u00fcrekli ayn\u0131 sorular\u0131 ve c\u00fcmleleri yinelemek<\/li>\n<li>G\u00fcnl\u00fck hayat\u0131 etkileyecek derecede unutkan olmak<\/li>\n<li>Problem \u00e7\u00f6z\u00fcm\u00fcnde ya da plan yapmakta s\u0131k\u0131nt\u0131 ya\u015famak<\/li>\n<li>G\u00fcnl\u00fck hayat\u0131nda yapabilece\u011fi bir\u00e7ok \u015feyi yapamamak<\/li>\n<li>E\u015fya kaybetmek<\/li>\n<li>Tarihleri unutmak ve kar\u0131\u015ft\u0131rmak<\/li>\n<li>Yol ve y\u00f6n kavram\u0131nda zorlanmak<\/li>\n<li>Kelimeleri bulmada g\u00fc\u00e7l\u00fck \u00e7ekmek<\/li>\n<li>Yak\u0131n tarihi hat\u0131rlamay\u0131p eski tarihleri an\u0131msamak<\/li>\n<li>Pratik d\u00fc\u015f\u00fcnmede zorlanmak<\/li>\n<li>En basit konularda dahi karar vermede zorluk \u00e7ekmek<\/li>\n<li>Bulundu\u011fu ortamdan, mekandan ve andan habersiz olmak<\/li>\n<li>\u0130\u015ften ya da sosyal aktivitelerden geri \u00e7ekilmek<\/li>\n<li>Konu\u015fma veya yazmada daha \u00f6nce g\u00f6r\u00fclmeyen problemler ya\u015famaya ba\u015flamak<\/li>\n<li>Ruh hali ve ki\u015filik \u00f6zelliklerinde de\u011fi\u015fiklikler olmas\u0131<\/li>\n<\/ul>\n<h4><strong>Alzheimer tan\u0131s\u0131 nas\u0131l konur?<\/strong><\/h4>\n<p>\u00d6ncelikle yukar\u0131da s\u0131ralanm\u0131\u015f olan belirtilere sahip olan ki\u015fi ve yak\u0131nlar\u0131n\u0131n hekimlerle g\u00f6r\u00fc\u015fmesi gerekir. Psikiyatrik ve n\u00f6rolojik tetkikler yap\u0131ld\u0131ktan sonra ki\u015finin hastal\u0131\u011f\u0131n\u0131n durumu hakk\u0131nda daha net bir bilgi verilir.<\/p>\n<h4><strong>Alzheimer tedavisi nas\u0131l uygulan\u0131r?<\/strong><\/h4>\n<p>Alzheimer hastal\u0131\u011f\u0131n\u0131n kesin bir tedavi y\u00f6ntemi yoktur. Hastal\u0131k yap\u0131lan tedavilerle durdurulmaz, ancak ilerlemesi yava\u015flat\u0131labilir. Bu hastal\u0131kla \u00f6nemli olan erken te\u015fhistir. Alzheimer tedavisinde birincil ama\u00e7 hastan\u0131n ya\u015fam kalitesini artt\u0131rmakt\u0131r. Bu hastal\u0131kta en \u00f6nemli \u015fey hasta yak\u0131nlar\u0131n\u0131n tutumu ve hastayla kurdu\u011fu ili\u015fkidir.<\/p>\n","protected":false},"excerpt":{"rendered":"<p>Alzheimer Alzheimer, beynin haf\u0131za, d\u00fc\u015f\u00fcnme [&hellip;]<\/p>\n","protected":false},"author":1,"featured_media":100,"comment_status":"closed","ping_status":"closed","sticky":false,"template":"","format":"standard","meta":{"footnotes":""},"categories":[6],"tags":[7],"class_list":["post-99","post","type-post","status-publish","format-standard","has-post-thumbnail","hentry","category-makaleler","tag-alzheimer","col-md-6 col-sm-6"],"_links":{"self":[{"href":"https:\/\/www.ozelyasamhuzurevi.com\/index.php\/wp-json\/wp\/v2\/posts\/99","targetHints":{"allow":["GET"]}}],"collection":[{"href":"https:\/\/www.ozelyasamhuzurevi.com\/index.php\/wp-json\/wp\/v2\/posts"}],"about":[{"href":"https:\/\/www.ozelyasamhuzurevi.com\/index.php\/wp-json\/wp\/v2\/types\/post"}],"author":[{"embeddable":true,"href":"https:\/\/www.ozelyasamhuzurevi.com\/index.php\/wp-json\/wp\/v2\/users\/1"}],"replies":[{"embeddable":true,"href":"https:\/\/www.ozelyasamhuzurevi.com\/index.php\/wp-json\/wp\/v2\/comments?post=99"}],"version-history":[{"count":1,"href":"https:\/\/www.ozelyasamhuzurevi.com\/index.php\/wp-json\/wp\/v2\/posts\/99\/revisions"}],"predecessor-version":[{"id":101,"href":"https:\/\/www.ozelyasamhuzurevi.com\/index.php\/wp-json\/wp\/v2\/posts\/99\/revisions\/101"}],"wp:featuredmedia":[{"embeddable":true,"href":"https:\/\/www.ozelyasamhuzurevi.com\/index.php\/wp-json\/wp\/v2\/media\/100"}],"wp:attachment":[{"href":"https:\/\/www.ozelyasamhuzurevi.com\/index.php\/wp-json\/wp\/v2\/media?parent=99"}],"wp:term":[{"taxonomy":"category","embeddable":true,"href":"https:\/\/www.ozelyasamhuzurevi.com\/index.php\/wp-json\/wp\/v2\/categories?post=99"},{"taxonomy":"post_tag","embeddable":true,"href":"https:\/\/www.ozelyasamhuzurevi.com\/index.php\/wp-json\/wp\/v2\/tags?post=99"}],"curies":[{"name":"wp","href":"https:\/\/api.w.org\/{rel}","templated":true}]}}